{"id":156,"date":"2017-11-11T19:38:00","date_gmt":"2017-11-11T19:38:00","guid":{"rendered":"https:\/\/fischerprocell.com\/?p=156"},"modified":"2022-03-31T19:43:15","modified_gmt":"2022-03-31T19:43:15","slug":"un-hombre-de-deridder-murio-electrocutado-en-un-accidente-laboral","status":"publish","type":"post","link":"https:\/\/fischerprocell.com\/es\/un-hombre-de-deridder-murio-electrocutado-en-un-accidente-laboral\/","title":{"rendered":"Hombre de DeRidder electrocutado en accidente laboral"},"content":{"rendered":"<div data-elementor-type=\"wp-post\" data-elementor-id=\"156\" class=\"elementor elementor-156\" data-elementor-post-type=\"post\">\n\t\t\t\t\t\t<section class=\"elementor-section elementor-top-section elementor-element elementor-element-e81ec14 elementor-section-height-min-height elementor-section-items-bottom elementor-section-boxed elementor-section-height-default\" data-id=\"e81ec14\" data-element_type=\"section\" data-settings=\"{&quot;background_background&quot;:&quot;classic&quot;}\">\n\t\t\t\t\t\t<div class=\"elementor-container elementor-column-gap-default\">\n\t\t\t\t\t<div class=\"elementor-column elementor-col-100 elementor-top-column elementor-element elementor-element-cf136d2\" data-id=\"cf136d2\" data-element_type=\"column\">\n\t\t\t<div class=\"elementor-widget-wrap elementor-element-populated\">\n\t\t\t\t\t\t<div class=\"elementor-element elementor-element-29eb5c1 elementor-widget elementor-widget-spacer\" data-id=\"29eb5c1\" data-element_type=\"widget\" data-widget_type=\"spacer.default\">\n\t\t\t\t<div class=\"elementor-widget-container\">\n\t\t\t\t\t\t\t<div class=\"elementor-spacer\">\n\t\t\t<div class=\"elementor-spacer-inner\"><\/div>\n\t\t<\/div>\n\t\t\t\t\t\t<\/div>\n\t\t\t\t<\/div>\n\t\t\t\t\t<\/div>\n\t\t<\/div>\n\t\t\t\t\t<\/div>\n\t\t<\/section>\n\t\t\t\t<section class=\"elementor-section elementor-top-section elementor-element elementor-element-094c98f elementor-section-boxed elementor-section-height-default elementor-section-height-default\" data-id=\"094c98f\" data-element_type=\"section\">\n\t\t\t\t\t\t<div class=\"elementor-container elementor-column-gap-default\">\n\t\t\t\t\t<div class=\"elementor-column elementor-col-66 elementor-top-column elementor-element elementor-element-f576e94\" data-id=\"f576e94\" data-element_type=\"column\">\n\t\t\t<div class=\"elementor-widget-wrap elementor-element-populated\">\n\t\t\t\t\t\t<div class=\"elementor-element elementor-element-0452d1f elementor-widget elementor-widget-heading\" data-id=\"0452d1f\" data-element_type=\"widget\" data-widget_type=\"heading.default\">\n\t\t\t\t<div class=\"elementor-widget-container\">\n\t\t\t\t\t<h1 class=\"elementor-heading-title elementor-size-default\">Hombre de DeRidder electrocutado en accidente laboral<\/h1>\t\t\t\t<\/div>\n\t\t\t\t<\/div>\n\t\t\t\t<div class=\"elementor-element elementor-element-8d6cc6f elementor-align-left elementor-hidden-mobile_extra elementor-hidden-mobile elementor-widget elementor-widget-breadcrumbs\" data-id=\"8d6cc6f\" data-element_type=\"widget\" data-widget_type=\"breadcrumbs.default\">\n\t\t\t\t<div class=\"elementor-widget-container\">\n\t\t\t\t\t<p id=\"breadcrumbs\"><span><span><a href=\"https:\/\/fischerprocell.com\/es\/\">Hogar<\/a><\/span><\/span><\/p>\t\t\t\t<\/div>\n\t\t\t\t<\/div>\n\t\t\t\t<div class=\"elementor-element elementor-element-e2c5bed elementor-widget elementor-widget-theme-post-featured-image elementor-widget-image\" data-id=\"e2c5bed\" data-element_type=\"widget\" data-widget_type=\"theme-post-featured-image.default\">\n\t\t\t\t<div class=\"elementor-widget-container\">\n\t\t\t\t\t\t\t\t\t\t\t\t\t\t\t<img fetchpriority=\"high\" decoding=\"async\" width=\"794\" height=\"529\" src=\"https:\/\/fischerprocell.com\/wp-content\/uploads\/2022\/03\/work-related-accident.jpg\" class=\"attachment-full size-full wp-image-157\" alt=\"accidente de trabajo\" srcset=\"https:\/\/fischerprocell.com\/wp-content\/uploads\/2022\/03\/work-related-accident.jpg 794w, https:\/\/fischerprocell.com\/wp-content\/uploads\/2022\/03\/work-related-accident-768x512.jpg 768w\" sizes=\"(max-width: 794px) 100vw, 794px\" \/>\t\t\t\t\t\t\t\t\t\t\t\t\t\t\t<\/div>\n\t\t\t\t<\/div>\n\t\t\t\t<div class=\"elementor-element elementor-element-d07f237 elementor-widget elementor-widget-text-editor\" data-id=\"d07f237\" data-element_type=\"widget\" data-widget_type=\"text-editor.default\">\n\t\t\t\t<div class=\"elementor-widget-container\">\n\t\t\t\t\t\t\t\t\t<h2>Hombre de DeRidder electrocutado en accidente laboral<\/h2><p>Un hombre de DeRidder que trabajaba para una compa\u00f1\u00eda el\u00e9ctrica fue\u00a0<a href=\"https:\/\/www.katc.com\/story\/36402382\/deridder-man-electrocuted-in-work-related-accident\">muerto en un accidente relacionado con el trabajo<\/a>\u00a0en la ma\u00f1ana del 19 de septiembre de 2017. La oficina del alguacil de la parroquia de Calcasieu fue enviada a Elliswood Drive en Sulphur, LA en referencia a una muerte accidental que se inform\u00f3 alrededor de las 8:50 a.m. Cuando llegaron los agentes de la parroquia de Calcasieu, descubrieron un 47 a\u00f1os- anciano fallecido que hab\u00eda sido severamente quemado. Durante una investigaci\u00f3n m\u00e1s profunda en la escena, parece que el hombre estaba trabajando para una compa\u00f1\u00eda el\u00e9ctrica, en un cami\u00f3n de cubo, cuando sin querer roz\u00f3 una l\u00ednea el\u00e9ctrica expuesta que lo electrocut\u00f3. Fue declarado muerto en el lugar.<\/p><p>La ley de Compensaci\u00f3n para Trabajadores de Luisiana hace provisiones para la familia sobreviviente de los empleados que fueron v\u00edctimas de un accidente fatal en el lugar de trabajo. Normalmente, la Compensaci\u00f3n para trabajadores de Luisiana paga beneficios al c\u00f3nyuge o hijos del difunto, pero en los casos en que el difunto no ten\u00eda c\u00f3nyuge e hijos, los beneficios pueden ir a los padres sobrevivientes. Si bien los beneficios por muerte de Compensaci\u00f3n para trabajadores son solo un peque\u00f1o consuelo despu\u00e9s de una situaci\u00f3n tan tr\u00e1gica, a\u00fan pueden ayudar a aliviar algunas de las demandas financieras que conlleva.<br \/><br \/>Los beneficios por fallecimiento pagados a trav\u00e9s de la Compensaci\u00f3n para trabajadores de Luisiana est\u00e1n destinados a ayudar a los familiares sobrevivientes a pagar los costos del funeral y otras facturas relacionadas con el accidente fatal en el lugar de trabajo. Tambi\u00e9n se pagan beneficios semanales a la familia para ayudar con los costos de vida diarios mientras trabajan para reconstruir despu\u00e9s de la tragedia. Este pago se calcula con base en los salarios del empleado fallecido. El monto real de la compensaci\u00f3n que su familia puede recibir depende de varios factores.<\/p><p>En 1975, la Legislatura de Luisiana cambi\u00f3 las leyes que rigen cu\u00e1ndo un empleado puede demandar a un empleador al modificar la Ley de Compensaci\u00f3n para Trabajadores de Luisiana. \u00a0<a href=\"https:\/\/law.justia.com\/codes\/louisiana\/2006\/7\/7.html\">La Ley de Compensaci\u00f3n para Trabajadores de Luisiana<\/a>\u00a0establece que ciertas lesiones relacionadas con el trabajo solo pueden ser compensadas a trav\u00e9s de pagos de compensaci\u00f3n para trabajadores. Los empleadores son inmunes a las demandas por da\u00f1os y perjuicios por tales lesiones. Antes de 1975, la Ley de Compensaci\u00f3n para Trabajadores de Luisiana inclu\u00eda una lista de enfermedades ocupacionales espec\u00edficas cubiertas por la ley. Ahora, los requisitos se han modificado para incluir lesiones m\u00e1s relevantes que son comunes en los entornos laborales modernos.<br \/><br \/>Deber\u00edas consultar a un\u00a0<a href=\"https:\/\/fischerprocell.com\/es\/\">Abogado de lesiones personales o muerte por negligencia de Shreveport<\/a>\u00a0durante este momento dif\u00edcil. Hablar con un abogado despu\u00e9s de perder a su ser querido en un accidente fatal en el lugar de trabajo puede ayudarlo a comprender sus derechos y opciones legales, as\u00ed como ayudarlo a solicitar beneficios por muerte a trav\u00e9s de las oficinas de Compensaci\u00f3n para Trabajadores, as\u00ed como a buscar compensaci\u00f3n adicional de otros posibles partes responsables. Tener de su lado a un abogado con experiencia en lesiones personales de Louisiana lo ayudar\u00e1 a estar m\u00e1s tranquilo y poder reclamar los beneficios que su familia necesita y merece.<\/p>\t\t\t\t\t\t\t\t<\/div>\n\t\t\t\t<\/div>\n\t\t\t\t<div class=\"elementor-element elementor-element-aa9ad13 elementor-post-navigation-borders-yes elementor-widget elementor-widget-post-navigation\" data-id=\"aa9ad13\" data-element_type=\"widget\" data-widget_type=\"post-navigation.default\">\n\t\t\t\t<div class=\"elementor-widget-container\">\n\t\t\t\t\t\t\t<div class=\"elementor-post-navigation\" role=\"navigation\" aria-label=\"Navegaci\u00f3n de entradas\">\n\t\t\t<div class=\"elementor-post-navigation__prev elementor-post-navigation__link\">\n\t\t\t\t<a href=\"https:\/\/fischerprocell.com\/es\/cuanto-tiempo-dura-la-compensacion-laboral\/\" rel=\"prev\"><span class=\"post-navigation__arrow-wrapper post-navigation__arrow-prev\"><i aria-hidden=\"true\" class=\"fas fa-arrow-circle-left\"><\/i><span class=\"elementor-screen-only\">Anterior<\/span><\/span><span class=\"elementor-post-navigation__link__prev\"><span class=\"post-navigation__prev--label\">Anterior<\/span><span class=\"post-navigation__prev--title\">\u00bfCu\u00e1nto tiempo dura la compensaci\u00f3n de trabajadores?<\/span><\/span><\/a>\t\t\t<\/div>\n\t\t\t\t\t\t\t<div class=\"elementor-post-navigation__separator-wrapper\">\n\t\t\t\t\t<div class=\"elementor-post-navigation__separator\"><\/div>\n\t\t\t\t<\/div>\n\t\t\t\t\t\t<div class=\"elementor-post-navigation__next elementor-post-navigation__link\">\n\t\t\t\t<a href=\"https:\/\/fischerprocell.com\/es\/tengo-que-recibir-tratamiento-medico-del-medico-de-la-empresa-para-la-compensacion-laboral\/\" rel=\"next\"><span class=\"elementor-post-navigation__link__next\"><span class=\"post-navigation__next--label\">Pr\u00f3ximo<\/span><span class=\"post-navigation__next--title\">\u00bfTengo que recibir tratamiento m\u00e9dico del m\u00e9dico de la empresa (para compensaci\u00f3n laboral)?<\/span><\/span><span class=\"post-navigation__arrow-wrapper post-navigation__arrow-next\"><i aria-hidden=\"true\" class=\"fas fa-arrow-circle-right\"><\/i><span class=\"elementor-screen-only\">Pr\u00f3ximo<\/span><\/span><\/a>\t\t\t<\/div>\n\t\t<\/div>\n\t\t\t\t\t\t<\/div>\n\t\t\t\t<\/div>\n\t\t\t\t\t<\/div>\n\t\t<\/div>\n\t\t\t\t<div class=\"elementor-column elementor-col-33 elementor-top-column elementor-element elementor-element-b153a99\" data-id=\"b153a99\" data-element_type=\"column\">\n\t\t\t<div class=\"elementor-widget-wrap elementor-element-populated\">\n\t\t\t\t\t\t<div class=\"elementor-element elementor-element-75da28d elementor-search-form--skin-classic elementor-search-form--button-type-icon elementor-search-form--icon-search elementor-widget elementor-widget-search-form\" data-id=\"75da28d\" data-element_type=\"widget\" data-settings=\"{&quot;skin&quot;:&quot;classic&quot;}\" data-widget_type=\"search-form.default\">\n\t\t\t\t<div class=\"elementor-widget-container\">\n\t\t\t\t\t\t\t<search role=\"search\">\n\t\t\t<form class=\"elementor-search-form\" action=\"https:\/\/fischerprocell.com\/es\/\" method=\"get\" data-trp-original-action=\"https:\/\/fischerprocell.com\/es\/\">\n\t\t\t\t\t\t\t\t\t\t\t\t<div class=\"elementor-search-form__container\">\n\t\t\t\t\t<label class=\"elementor-screen-only\" for=\"elementor-search-form-75da28d\">Buscar<\/label>\n\n\t\t\t\t\t\n\t\t\t\t\t<input id=\"elementor-search-form-75da28d\" placeholder=\"Buscar...\" class=\"elementor-search-form__input\" type=\"search\" name=\"s\" value=\"\">\n\t\t\t\t\t\n\t\t\t\t\t\t\t\t\t\t\t<button class=\"elementor-search-form__submit\" type=\"submit\" aria-label=\"Buscar\">\n\t\t\t\t\t\t\t\t\t\t\t\t\t\t\t<i aria-hidden=\"true\" class=\"fas fa-search\"><\/i>\t\t\t\t\t\t\t\t\t\t\t\t\t<\/button>\n\t\t\t\t\t\n\t\t\t\t\t\t\t\t\t<\/div>\n\t\t\t<input type=\"hidden\" name=\"trp-form-language\" value=\"es\"\/><\/form>\n\t\t<\/search>\n\t\t\t\t\t\t<\/div>\n\t\t\t\t<\/div>\n\t\t\t\t<div class=\"elementor-element elementor-element-0011198 elementor-widget elementor-widget-heading\" data-id=\"0011198\" data-element_type=\"widget\" data-widget_type=\"heading.default\">\n\t\t\t\t<div class=\"elementor-widget-container\">\n\t\t\t\t\t<span class=\"elementor-heading-title elementor-size-default\">MENSAJES RECIENTES<\/span>\t\t\t\t<\/div>\n\t\t\t\t<\/div>\n\t\t\t\t<div class=\"elementor-element elementor-element-b3c5638 elementor-grid-1 elementor-grid-mobile_extra-1 elementor-grid-tablet-2 elementor-grid-mobile-1 elementor-posts--thumbnail-top elementor-widget elementor-widget-posts\" data-id=\"b3c5638\" data-element_type=\"widget\" data-settings=\"{&quot;classic_columns&quot;:&quot;1&quot;,&quot;classic_columns_mobile_extra&quot;:&quot;1&quot;,&quot;classic_columns_tablet&quot;:&quot;2&quot;,&quot;classic_columns_mobile&quot;:&quot;1&quot;,&quot;classic_row_gap&quot;:{&quot;unit&quot;:&quot;px&quot;,&quot;size&quot;:35,&quot;sizes&quot;:[]},&quot;classic_row_gap_laptop&quot;:{&quot;unit&quot;:&quot;px&quot;,&quot;size&quot;:&quot;&quot;,&quot;sizes&quot;:[]},&quot;classic_row_gap_tablet&quot;:{&quot;unit&quot;:&quot;px&quot;,&quot;size&quot;:&quot;&quot;,&quot;sizes&quot;:[]},&quot;classic_row_gap_mobile_extra&quot;:{&quot;unit&quot;:&quot;px&quot;,&quot;size&quot;:&quot;&quot;,&quot;sizes&quot;:[]},&quot;classic_row_gap_mobile&quot;:{&quot;unit&quot;:&quot;px&quot;,&quot;size&quot;:&quot;&quot;,&quot;sizes&quot;:[]}}\" data-widget_type=\"posts.classic\">\n\t\t\t\t<div class=\"elementor-widget-container\">\n\t\t\t\t\t\t\t<div class=\"elementor-posts-container elementor-posts elementor-posts--skin-classic elementor-grid\" role=\"list\">\n\t\t\t\t<article class=\"elementor-post elementor-grid-item post-121 post type-post status-publish format-standard has-post-thumbnail hentry category-workers-comp\" role=\"listitem\">\n\t\t\t\t<a class=\"elementor-post__thumbnail__link\" href=\"https:\/\/fischerprocell.com\/es\/se-puede-reabrir-mi-caso-de-compensacion-laboral\/\" tabindex=\"-1\" >\n\t\t\t<div class=\"elementor-post__thumbnail\"><img decoding=\"async\" width=\"794\" height=\"528\" src=\"https:\/\/fischerprocell.com\/wp-content\/uploads\/2022\/03\/reopen-closed-claims.jpeg\" class=\"attachment-medium size-medium wp-image-122\" alt=\"reabrir el reclamo de compensaci\u00f3n laboral\" srcset=\"https:\/\/fischerprocell.com\/wp-content\/uploads\/2022\/03\/reopen-closed-claims.jpeg 794w, https:\/\/fischerprocell.com\/wp-content\/uploads\/2022\/03\/reopen-closed-claims-768x511.jpeg 768w\" sizes=\"(max-width: 794px) 100vw, 794px\" \/><\/div>\n\t\t<\/a>\n\t\t\t\t<div class=\"elementor-post__text\">\n\t\t\t\t<h3 class=\"elementor-post__title\">\n\t\t\t<a href=\"https:\/\/fischerprocell.com\/es\/se-puede-reabrir-mi-caso-de-compensacion-laboral\/\" >\n\t\t\t\t\u00bfSe puede reabrir mi caso de compensaci\u00f3n laboral?\t\t\t<\/a>\n\t\t<\/h3>\n\t\t\t\t<\/div>\n\t\t\t\t<\/article>\n\t\t\t\t<article class=\"elementor-post elementor-grid-item post-126 post type-post status-publish format-standard has-post-thumbnail hentry category-workers-comp\" role=\"listitem\">\n\t\t\t\t<a class=\"elementor-post__thumbnail__link\" href=\"https:\/\/fischerprocell.com\/es\/como-presentar-una-reclamacion-de-compensacion-laboral-en-luisiana\/\" tabindex=\"-1\" >\n\t\t\t<div class=\"elementor-post__thumbnail\"><img decoding=\"async\" width=\"794\" height=\"528\" src=\"https:\/\/fischerprocell.com\/wp-content\/uploads\/2022\/03\/How-to-File-Workers-Compensation.jpeg\" class=\"attachment-medium size-medium wp-image-127\" alt=\"c\u00f3mo presentar una compensaci\u00f3n para trabajadores\" srcset=\"https:\/\/fischerprocell.com\/wp-content\/uploads\/2022\/03\/How-to-File-Workers-Compensation.jpeg 794w, https:\/\/fischerprocell.com\/wp-content\/uploads\/2022\/03\/How-to-File-Workers-Compensation-768x511.jpeg 768w\" sizes=\"(max-width: 794px) 100vw, 794px\" \/><\/div>\n\t\t<\/a>\n\t\t\t\t<div class=\"elementor-post__text\">\n\t\t\t\t<h3 class=\"elementor-post__title\">\n\t\t\t<a href=\"https:\/\/fischerprocell.com\/es\/como-presentar-una-reclamacion-de-compensacion-laboral-en-luisiana\/\" >\n\t\t\t\tC\u00f3mo presentar un reclamo de compensaci\u00f3n para trabajadores en Louisiana\t\t\t<\/a>\n\t\t<\/h3>\n\t\t\t\t<\/div>\n\t\t\t\t<\/article>\n\t\t\t\t<article class=\"elementor-post elementor-grid-item post-128 post type-post status-publish format-standard has-post-thumbnail hentry category-workers-comp\" role=\"listitem\">\n\t\t\t\t<a class=\"elementor-post__thumbnail__link\" href=\"https:\/\/fischerprocell.com\/es\/que-lesiones-estan-cubiertas-por-la-ley-de-compensacion-laboral\/\" tabindex=\"-1\" >\n\t\t\t<div class=\"elementor-post__thumbnail\"><img loading=\"lazy\" decoding=\"async\" width=\"794\" height=\"529\" src=\"https:\/\/fischerprocell.com\/wp-content\/uploads\/2022\/03\/What-Injuries-Are-Covered-By-The-Workers-Compensation-Law.jpg\" class=\"attachment-medium size-medium wp-image-130\" alt=\"\u00bfQu\u00e9 lesiones est\u00e1n cubiertas por la Ley de Compensaci\u00f3n para Trabajadores?\" srcset=\"https:\/\/fischerprocell.com\/wp-content\/uploads\/2022\/03\/What-Injuries-Are-Covered-By-The-Workers-Compensation-Law.jpg 794w, https:\/\/fischerprocell.com\/wp-content\/uploads\/2022\/03\/What-Injuries-Are-Covered-By-The-Workers-Compensation-Law-768x512.jpg 768w\" sizes=\"(max-width: 794px) 100vw, 794px\" \/><\/div>\n\t\t<\/a>\n\t\t\t\t<div class=\"elementor-post__text\">\n\t\t\t\t<h3 class=\"elementor-post__title\">\n\t\t\t<a href=\"https:\/\/fischerprocell.com\/es\/que-lesiones-estan-cubiertas-por-la-ley-de-compensacion-laboral\/\" >\n\t\t\t\t\u00bfQu\u00e9 lesiones est\u00e1n cubiertas por la Ley de Compensaci\u00f3n para Trabajadores?\t\t\t<\/a>\n\t\t<\/h3>\n\t\t\t\t<\/div>\n\t\t\t\t<\/article>\n\t\t\t\t<article class=\"elementor-post elementor-grid-item post-132 post type-post status-publish format-standard has-post-thumbnail hentry category-workers-comp\" role=\"listitem\">\n\t\t\t\t<a class=\"elementor-post__thumbnail__link\" href=\"https:\/\/fischerprocell.com\/es\/como-se-pagan-los-beneficios-de-indemnizacion\/\" tabindex=\"-1\" >\n\t\t\t<div class=\"elementor-post__thumbnail\"><img loading=\"lazy\" decoding=\"async\" width=\"800\" height=\"500\" src=\"https:\/\/fischerprocell.com\/wp-content\/uploads\/2022\/03\/How-Are-Indemnity-Benefits-Paid-1080x675-1-800x500.jpeg\" class=\"attachment-medium size-medium wp-image-133\" alt=\"\u00bfC\u00f3mo se pagan los beneficios de indemnizaci\u00f3n?\" srcset=\"https:\/\/fischerprocell.com\/wp-content\/uploads\/2022\/03\/How-Are-Indemnity-Benefits-Paid-1080x675-1-800x500.jpeg 800w, https:\/\/fischerprocell.com\/wp-content\/uploads\/2022\/03\/How-Are-Indemnity-Benefits-Paid-1080x675-1-768x480.jpeg 768w, https:\/\/fischerprocell.com\/wp-content\/uploads\/2022\/03\/How-Are-Indemnity-Benefits-Paid-1080x675-1.jpeg 1080w\" sizes=\"(max-width: 800px) 100vw, 800px\" \/><\/div>\n\t\t<\/a>\n\t\t\t\t<div class=\"elementor-post__text\">\n\t\t\t\t<h3 class=\"elementor-post__title\">\n\t\t\t<a href=\"https:\/\/fischerprocell.com\/es\/como-se-pagan-los-beneficios-de-indemnizacion\/\" >\n\t\t\t\t\u00bfC\u00f3mo se pagan los beneficios de indemnizaci\u00f3n?\t\t\t<\/a>\n\t\t<\/h3>\n\t\t\t\t<\/div>\n\t\t\t\t<\/article>\n\t\t\t\t<\/div>\n\t\t\n\t\t\t\t\t\t<\/div>\n\t\t\t\t<\/div>\n\t\t\t\t<div class=\"elementor-element elementor-element-40fbede elementor-widget elementor-widget-wp-widget-archives\" data-id=\"40fbede\" data-element_type=\"widget\" data-widget_type=\"wp-widget-archives.default\">\n\t\t\t\t<div class=\"elementor-widget-container\">\n\t\t\t\t\t<h5>Archivos<\/h5><nav aria-label=\"Archivos\">\n\t\t\t<ul>\n\t\t\t\t\t<li><a href='https:\/\/fischerprocell.com\/es\/2019\/03\/'>marzo 2019<\/a><\/li>\n\t<li><a href='https:\/\/fischerprocell.com\/es\/2018\/10\/'>octubre 2018<\/a><\/li>\n\t<li><a href='https:\/\/fischerprocell.com\/es\/2018\/09\/'>septiembre 2018<\/a><\/li>\n\t<li><a href='https:\/\/fischerprocell.com\/es\/2018\/08\/'>agosto 2018<\/a><\/li>\n\t<li><a href='https:\/\/fischerprocell.com\/es\/2018\/05\/'>Mayo 2018<\/a><\/li>\n\t<li><a href='https:\/\/fischerprocell.com\/es\/2018\/02\/'>febrero 2018<\/a><\/li>\n\t<li><a href='https:\/\/fischerprocell.com\/es\/2018\/01\/'>enero 2018<\/a><\/li>\n\t<li><a href='https:\/\/fischerprocell.com\/es\/2017\/11\/'>noviembre 2017<\/a><\/li>\n\t<li><a href='https:\/\/fischerprocell.com\/es\/2017\/10\/'>octubre 2017<\/a><\/li>\n\t<li><a href='https:\/\/fischerprocell.com\/es\/2017\/08\/'>agosto 2017<\/a><\/li>\n\t\t\t<\/ul>\n\n\t\t\t<\/nav>\t\t\t\t<\/div>\n\t\t\t\t<\/div>\n\t\t\t\t<div class=\"elementor-element elementor-element-739c950 elementor-widget elementor-widget-wp-widget-categories\" data-id=\"739c950\" data-element_type=\"widget\" data-widget_type=\"wp-widget-categories.default\">\n\t\t\t\t<div class=\"elementor-widget-container\">\n\t\t\t\t\t<h5>Categor\u00edas<\/h5><nav aria-label=\"Categor\u00edas\">\n\t\t\t<ul>\n\t\t\t\t\t<li class=\"cat-item cat-item-8\"><a href=\"https:\/\/fischerprocell.com\/es\/categoria\/lesion-personal\/\">Lesiones Personales<\/a>\n<\/li>\n\t<li class=\"cat-item cat-item-7\"><a href=\"https:\/\/fischerprocell.com\/es\/categoria\/compensacion-de-trabajadores\/\">Compensaci\u00f3n de trabajadores<\/a>\n<\/li>\n\t\t\t<\/ul>\n\n\t\t\t<\/nav>\t\t\t\t<\/div>\n\t\t\t\t<\/div>\n\t\t\t\t\t<\/div>\n\t\t<\/div>\n\t\t\t\t\t<\/div>\n\t\t<\/section>\n\t\t\t\t<\/div>","protected":false},"excerpt":{"rendered":"<p>Hombre de DeRidder electrocutado en accidente relacionado con el trabajo Hombre de DeRidder electrocutado en accidente relacionado con el trabajo Un hombre de DeRidder que trabajaba para una compa\u00f1\u00eda el\u00e9ctrica muri\u00f3 en un accidente relacionado con el trabajo en<\/p>","protected":false},"author":2,"featured_media":157,"comment_status":"closed","ping_status":"open","sticky":false,"template":"","format":"standard","meta":{"footnotes":""},"categories":[8,7],"tags":[],"class_list":["post-156","post","type-post","status-publish","format-standard","has-post-thumbnail","hentry","category-personal-injury","category-workers-comp"],"yoast_head":"<!-- This site is optimized with the Yoast SEO plugin v25.6 - https:\/\/yoast.com\/wordpress\/plugins\/seo\/ -->\n<title>DeRidder Man Electrocuted in Work-Related Accident | Tim Fischer Law Workers Comp Shreveport Lawyers<\/title>\n<meta name=\"description\" content=\"A DeRidder man working for an electric company was killed in a work-related accident on the morning of September 19th, 2017.\" \/>\n<meta name=\"robots\" content=\"index, follow, max-snippet:-1, max-image-preview:large, max-video-preview:-1\" \/>\n<link rel=\"canonical\" href=\"https:\/\/fischerprocell.com\/es\/un-hombre-de-deridder-murio-electrocutado-en-un-accidente-laboral\/\" \/>\n<meta property=\"og:locale\" content=\"es_MX\" \/>\n<meta property=\"og:type\" content=\"article\" \/>\n<meta property=\"og:title\" content=\"DeRidder Man Electrocuted in Work-Related Accident | Tim Fischer Law Workers Comp Shreveport Lawyers\" \/>\n<meta property=\"og:description\" content=\"A DeRidder man working for an electric company was killed in a work-related accident on the morning of September 19th, 2017.\" \/>\n<meta property=\"og:url\" content=\"https:\/\/fischerprocell.com\/es\/un-hombre-de-deridder-murio-electrocutado-en-un-accidente-laboral\/\" \/>\n<meta property=\"og:site_name\" content=\"Fischer &amp; Procell Law Workers Comp Shreveport Lawyer\" \/>\n<meta property=\"article:published_time\" content=\"2017-11-11T19:38:00+00:00\" \/>\n<meta property=\"article:modified_time\" content=\"2022-03-31T19:43:15+00:00\" \/>\n<meta property=\"og:image\" content=\"https:\/\/fischerprocell.com\/wp-content\/uploads\/2022\/03\/work-related-accident.jpg\" \/>\n\t<meta property=\"og:image:width\" content=\"794\" \/>\n\t<meta property=\"og:image:height\" content=\"529\" \/>\n\t<meta property=\"og:image:type\" content=\"image\/jpeg\" \/>\n<meta name=\"author\" content=\"Kyle Broughton\" \/>\n<meta name=\"twitter:card\" content=\"summary_large_image\" \/>\n<meta name=\"twitter:label1\" content=\"Escrito por\" \/>\n\t<meta name=\"twitter:data1\" content=\"Kyle Broughton\" \/>\n\t<meta name=\"twitter:label2\" content=\"Tiempo de lectura\" \/>\n\t<meta name=\"twitter:data2\" content=\"4 minutos\" \/>\n<script type=\"application\/ld+json\" class=\"yoast-schema-graph\">{\"@context\":\"https:\/\/schema.org\",\"@graph\":[{\"@type\":\"Article\",\"@id\":\"https:\/\/fischerprocell.com\/deridder-man-electrocuted-in-work-related-accident\/#article\",\"isPartOf\":{\"@id\":\"https:\/\/fischerprocell.com\/deridder-man-electrocuted-in-work-related-accident\/\"},\"author\":{\"name\":\"Kyle Broughton\",\"@id\":\"https:\/\/fischerprocell.com\/#\/schema\/person\/2ccdbe139759e97e140bc8641b984b1e\"},\"headline\":\"DeRidder Man Electrocuted in Work-Related Accident\",\"datePublished\":\"2017-11-11T19:38:00+00:00\",\"dateModified\":\"2022-03-31T19:43:15+00:00\",\"mainEntityOfPage\":{\"@id\":\"https:\/\/fischerprocell.com\/deridder-man-electrocuted-in-work-related-accident\/\"},\"wordCount\":468,\"publisher\":{\"@id\":\"https:\/\/fischerprocell.com\/#organization\"},\"image\":{\"@id\":\"https:\/\/fischerprocell.com\/deridder-man-electrocuted-in-work-related-accident\/#primaryimage\"},\"thumbnailUrl\":\"https:\/\/fischerprocell.com\/wp-content\/uploads\/2022\/03\/work-related-accident.jpg\",\"articleSection\":[\"Personal Injury\",\"Workers Comp\"],\"inLanguage\":\"es-MX\"},{\"@type\":\"WebPage\",\"@id\":\"https:\/\/fischerprocell.com\/deridder-man-electrocuted-in-work-related-accident\/\",\"url\":\"https:\/\/fischerprocell.com\/deridder-man-electrocuted-in-work-related-accident\/\",\"name\":\"DeRidder Man Electrocuted in Work-Related Accident | Tim Fischer Law Workers Comp Shreveport Lawyers\",\"isPartOf\":{\"@id\":\"https:\/\/fischerprocell.com\/#website\"},\"primaryImageOfPage\":{\"@id\":\"https:\/\/fischerprocell.com\/deridder-man-electrocuted-in-work-related-accident\/#primaryimage\"},\"image\":{\"@id\":\"https:\/\/fischerprocell.com\/deridder-man-electrocuted-in-work-related-accident\/#primaryimage\"},\"thumbnailUrl\":\"https:\/\/fischerprocell.com\/wp-content\/uploads\/2022\/03\/work-related-accident.jpg\",\"datePublished\":\"2017-11-11T19:38:00+00:00\",\"dateModified\":\"2022-03-31T19:43:15+00:00\",\"description\":\"A DeRidder man working for an electric company was killed in a work-related accident on the morning of September 19th, 2017.\",\"breadcrumb\":{\"@id\":\"https:\/\/fischerprocell.com\/deridder-man-electrocuted-in-work-related-accident\/#breadcrumb\"},\"inLanguage\":\"es-MX\",\"potentialAction\":[{\"@type\":\"ReadAction\",\"target\":[\"https:\/\/fischerprocell.com\/deridder-man-electrocuted-in-work-related-accident\/\"]}]},{\"@type\":\"ImageObject\",\"inLanguage\":\"es-MX\",\"@id\":\"https:\/\/fischerprocell.com\/deridder-man-electrocuted-in-work-related-accident\/#primaryimage\",\"url\":\"https:\/\/fischerprocell.com\/wp-content\/uploads\/2022\/03\/work-related-accident.jpg\",\"contentUrl\":\"https:\/\/fischerprocell.com\/wp-content\/uploads\/2022\/03\/work-related-accident.jpg\",\"width\":794,\"height\":529,\"caption\":\"work-related accident\"},{\"@type\":\"BreadcrumbList\",\"@id\":\"https:\/\/fischerprocell.com\/deridder-man-electrocuted-in-work-related-accident\/#breadcrumb\",\"itemListElement\":[{\"@type\":\"ListItem\",\"position\":1,\"name\":\"Home\",\"item\":\"https:\/\/fischerprocell.com\/\"},{\"@type\":\"ListItem\",\"position\":2,\"name\":\"DeRidder Man Electrocuted in Work-Related Accident\"}]},{\"@type\":\"WebSite\",\"@id\":\"https:\/\/fischerprocell.com\/#website\",\"url\":\"https:\/\/fischerprocell.com\/\",\"name\":\"Fischer &amp; Procell Law Workers Comp Shreveport Lawyer\",\"description\":\"Shreveport Workers Compensation Lawyers\",\"publisher\":{\"@id\":\"https:\/\/fischerprocell.com\/#organization\"},\"potentialAction\":[{\"@type\":\"SearchAction\",\"target\":{\"@type\":\"EntryPoint\",\"urlTemplate\":\"https:\/\/fischerprocell.com\/?s={search_term_string}\"},\"query-input\":{\"@type\":\"PropertyValueSpecification\",\"valueRequired\":true,\"valueName\":\"search_term_string\"}}],\"inLanguage\":\"es-MX\"},{\"@type\":\"Organization\",\"@id\":\"https:\/\/fischerprocell.com\/#organization\",\"name\":\"Fischer Law\",\"url\":\"https:\/\/fischerprocell.com\/\",\"logo\":{\"@type\":\"ImageObject\",\"inLanguage\":\"es-MX\",\"@id\":\"https:\/\/fischerprocell.com\/#\/schema\/logo\/image\/\",\"url\":\"https:\/\/fischerprocell.com\/wp-content\/uploads\/2022\/04\/Fischer-Law-logo-color.gif\",\"contentUrl\":\"https:\/\/fischerprocell.com\/wp-content\/uploads\/2022\/04\/Fischer-Law-logo-color.gif\",\"width\":457,\"height\":229,\"caption\":\"Fischer Law\"},\"image\":{\"@id\":\"https:\/\/fischerprocell.com\/#\/schema\/logo\/image\/\"}},{\"@type\":\"Person\",\"@id\":\"https:\/\/fischerprocell.com\/#\/schema\/person\/2ccdbe139759e97e140bc8641b984b1e\",\"name\":\"Kyle Broughton\",\"image\":{\"@type\":\"ImageObject\",\"inLanguage\":\"es-MX\",\"@id\":\"https:\/\/fischerprocell.com\/#\/schema\/person\/image\/\",\"url\":\"https:\/\/secure.gravatar.com\/avatar\/c42cb169efa7c699a9c13d3785f80c697cd9494b31cf6f74958ce636a2c8ee0c?s=96&d=mm&r=g\",\"contentUrl\":\"https:\/\/secure.gravatar.com\/avatar\/c42cb169efa7c699a9c13d3785f80c697cd9494b31cf6f74958ce636a2c8ee0c?s=96&d=mm&r=g\",\"caption\":\"Kyle Broughton\"}}]}<\/script>\n<!-- \/ Yoast SEO plugin. -->","yoast_head_json":{"title":"hombre de DeRidder electrocutado en accidente laboral | Ley de Tim Fischer Compensaci\u00f3n al trabajador Shreveport Abogados","description":"Un hombre de DeRidder que trabajaba para una compa\u00f1\u00eda el\u00e9ctrica muri\u00f3 en un accidente laboral la ma\u00f1ana del 19 de septiembre de 2017.","robots":{"index":"index","follow":"follow","max-snippet":"max-snippet:-1","max-image-preview":"max-image-preview:large","max-video-preview":"max-video-preview:-1"},"canonical":"https:\/\/fischerprocell.com\/es\/un-hombre-de-deridder-murio-electrocutado-en-un-accidente-laboral\/","og_locale":"es_MX","og_type":"article","og_title":"DeRidder Man Electrocuted in Work-Related Accident | Tim Fischer Law Workers Comp Shreveport Lawyers","og_description":"A DeRidder man working for an electric company was killed in a work-related accident on the morning of September 19th, 2017.","og_url":"https:\/\/fischerprocell.com\/es\/un-hombre-de-deridder-murio-electrocutado-en-un-accidente-laboral\/","og_site_name":"Fischer &amp; Procell Law Workers Comp Shreveport Lawyer","article_published_time":"2017-11-11T19:38:00+00:00","article_modified_time":"2022-03-31T19:43:15+00:00","og_image":[{"width":794,"height":529,"url":"https:\/\/fischerprocell.com\/wp-content\/uploads\/2022\/03\/work-related-accident.jpg","type":"image\/jpeg"}],"author":"Kyle Broughton","twitter_card":"summary_large_image","twitter_misc":{"Escrito por":"Kyle Broughton","Tiempo de lectura":"4 minutos"},"schema":{"@context":"https:\/\/schema.org","@graph":[{"@type":"Article","@id":"https:\/\/fischerprocell.com\/deridder-man-electrocuted-in-work-related-accident\/#article","isPartOf":{"@id":"https:\/\/fischerprocell.com\/deridder-man-electrocuted-in-work-related-accident\/"},"author":{"name":"Kyle Broughton","@id":"https:\/\/fischerprocell.com\/#\/schema\/person\/2ccdbe139759e97e140bc8641b984b1e"},"headline":"DeRidder Man Electrocuted in Work-Related Accident","datePublished":"2017-11-11T19:38:00+00:00","dateModified":"2022-03-31T19:43:15+00:00","mainEntityOfPage":{"@id":"https:\/\/fischerprocell.com\/deridder-man-electrocuted-in-work-related-accident\/"},"wordCount":468,"publisher":{"@id":"https:\/\/fischerprocell.com\/#organization"},"image":{"@id":"https:\/\/fischerprocell.com\/deridder-man-electrocuted-in-work-related-accident\/#primaryimage"},"thumbnailUrl":"https:\/\/fischerprocell.com\/wp-content\/uploads\/2022\/03\/work-related-accident.jpg","articleSection":["Personal Injury","Workers Comp"],"inLanguage":"es-MX"},{"@type":"WebPage","@id":"https:\/\/fischerprocell.com\/deridder-man-electrocuted-in-work-related-accident\/","url":"https:\/\/fischerprocell.com\/deridder-man-electrocuted-in-work-related-accident\/","name":"hombre de DeRidder electrocutado en accidente laboral | Ley de Tim Fischer Compensaci\u00f3n al trabajador Shreveport Abogados","isPartOf":{"@id":"https:\/\/fischerprocell.com\/#website"},"primaryImageOfPage":{"@id":"https:\/\/fischerprocell.com\/deridder-man-electrocuted-in-work-related-accident\/#primaryimage"},"image":{"@id":"https:\/\/fischerprocell.com\/deridder-man-electrocuted-in-work-related-accident\/#primaryimage"},"thumbnailUrl":"https:\/\/fischerprocell.com\/wp-content\/uploads\/2022\/03\/work-related-accident.jpg","datePublished":"2017-11-11T19:38:00+00:00","dateModified":"2022-03-31T19:43:15+00:00","description":"Un hombre de DeRidder que trabajaba para una compa\u00f1\u00eda el\u00e9ctrica muri\u00f3 en un accidente laboral la ma\u00f1ana del 19 de septiembre de 2017.","breadcrumb":{"@id":"https:\/\/fischerprocell.com\/deridder-man-electrocuted-in-work-related-accident\/#breadcrumb"},"inLanguage":"es-MX","potentialAction":[{"@type":"ReadAction","target":["https:\/\/fischerprocell.com\/deridder-man-electrocuted-in-work-related-accident\/"]}]},{"@type":"ImageObject","inLanguage":"es-MX","@id":"https:\/\/fischerprocell.com\/deridder-man-electrocuted-in-work-related-accident\/#primaryimage","url":"https:\/\/fischerprocell.com\/wp-content\/uploads\/2022\/03\/work-related-accident.jpg","contentUrl":"https:\/\/fischerprocell.com\/wp-content\/uploads\/2022\/03\/work-related-accident.jpg","width":794,"height":529,"caption":"work-related accident"},{"@type":"BreadcrumbList","@id":"https:\/\/fischerprocell.com\/deridder-man-electrocuted-in-work-related-accident\/#breadcrumb","itemListElement":[{"@type":"ListItem","position":1,"name":"Home","item":"https:\/\/fischerprocell.com\/"},{"@type":"ListItem","position":2,"name":"DeRidder Man Electrocuted in Work-Related Accident"}]},{"@type":"WebSite","@id":"https:\/\/fischerprocell.com\/#website","url":"https:\/\/fischerprocell.com\/","name":"Fischer &amp; Procell Law Abogado de compensaci\u00f3n laboral en Shreveport","description":"Abogados de Compensaci\u00f3n de Trabajadores de Shreveport","publisher":{"@id":"https:\/\/fischerprocell.com\/#organization"},"potentialAction":[{"@type":"SearchAction","target":{"@type":"EntryPoint","urlTemplate":"https:\/\/fischerprocell.com\/?s={search_term_string}"},"query-input":{"@type":"PropertyValueSpecification","valueRequired":true,"valueName":"search_term_string"}}],"inLanguage":"es-MX"},{"@type":"Organization","@id":"https:\/\/fischerprocell.com\/#organization","name":"Ley de Fisher","url":"https:\/\/fischerprocell.com\/","logo":{"@type":"ImageObject","inLanguage":"es-MX","@id":"https:\/\/fischerprocell.com\/#\/schema\/logo\/image\/","url":"https:\/\/fischerprocell.com\/wp-content\/uploads\/2022\/04\/Fischer-Law-logo-color.gif","contentUrl":"https:\/\/fischerprocell.com\/wp-content\/uploads\/2022\/04\/Fischer-Law-logo-color.gif","width":457,"height":229,"caption":"Fischer Law"},"image":{"@id":"https:\/\/fischerprocell.com\/#\/schema\/logo\/image\/"}},{"@type":"Person","@id":"https:\/\/fischerprocell.com\/#\/schema\/person\/2ccdbe139759e97e140bc8641b984b1e","name":"Kyle Broughton","image":{"@type":"ImageObject","inLanguage":"es-MX","@id":"https:\/\/fischerprocell.com\/#\/schema\/person\/image\/","url":"https:\/\/secure.gravatar.com\/avatar\/c42cb169efa7c699a9c13d3785f80c697cd9494b31cf6f74958ce636a2c8ee0c?s=96&d=mm&r=g","contentUrl":"https:\/\/secure.gravatar.com\/avatar\/c42cb169efa7c699a9c13d3785f80c697cd9494b31cf6f74958ce636a2c8ee0c?s=96&d=mm&r=g","caption":"Kyle Broughton"}}]}},"_links":{"self":[{"href":"https:\/\/fischerprocell.com\/es\/wp-json\/wp\/v2\/posts\/156","targetHints":{"allow":["GET"]}}],"collection":[{"href":"https:\/\/fischerprocell.com\/es\/wp-json\/wp\/v2\/posts"}],"about":[{"href":"https:\/\/fischerprocell.com\/es\/wp-json\/wp\/v2\/types\/post"}],"author":[{"embeddable":true,"href":"https:\/\/fischerprocell.com\/es\/wp-json\/wp\/v2\/users\/2"}],"replies":[{"embeddable":true,"href":"https:\/\/fischerprocell.com\/es\/wp-json\/wp\/v2\/comments?post=156"}],"version-history":[{"count":0,"href":"https:\/\/fischerprocell.com\/es\/wp-json\/wp\/v2\/posts\/156\/revisions"}],"wp:featuredmedia":[{"embeddable":true,"href":"https:\/\/fischerprocell.com\/es\/wp-json\/wp\/v2\/media\/157"}],"wp:attachment":[{"href":"https:\/\/fischerprocell.com\/es\/wp-json\/wp\/v2\/media?parent=156"}],"wp:term":[{"taxonomy":"category","embeddable":true,"href":"https:\/\/fischerprocell.com\/es\/wp-json\/wp\/v2\/categories?post=156"},{"taxonomy":"post_tag","embeddable":true,"href":"https:\/\/fischerprocell.com\/es\/wp-json\/wp\/v2\/tags?post=156"}],"curies":[{"name":"gracias","href":"https:\/\/api.w.org\/{rel}","templated":true}]}}