{"id":136,"date":"2018-05-03T17:07:00","date_gmt":"2018-05-03T17:07:00","guid":{"rendered":"https:\/\/fischerprocell.com\/?p=136"},"modified":"2024-02-27T17:33:16","modified_gmt":"2024-02-27T17:33:16","slug":"quien-paga-realmente-mis-beneficios-bajo-la-compensacion-laboral","status":"publish","type":"post","link":"https:\/\/fischerprocell.com\/es\/quien-paga-realmente-mis-beneficios-bajo-la-compensacion-laboral\/","title":{"rendered":"\u00bfQui\u00e9n paga realmente por mis beneficios bajo la compensaci\u00f3n de trabajadores?"},"content":{"rendered":"<div data-elementor-type=\"wp-post\" data-elementor-id=\"136\" class=\"elementor elementor-136\" data-elementor-post-type=\"post\">\n\t\t\t\t\t\t<section class=\"elementor-section elementor-top-section elementor-element elementor-element-71e40c7 elementor-section-height-min-height elementor-section-items-bottom elementor-section-boxed elementor-section-height-default\" data-id=\"71e40c7\" data-element_type=\"section\" data-settings=\"{&quot;background_background&quot;:&quot;classic&quot;}\">\n\t\t\t\t\t\t<div class=\"elementor-container elementor-column-gap-default\">\n\t\t\t\t\t<div class=\"elementor-column elementor-col-100 elementor-top-column elementor-element elementor-element-f5e0a04\" data-id=\"f5e0a04\" data-element_type=\"column\">\n\t\t\t<div class=\"elementor-widget-wrap elementor-element-populated\">\n\t\t\t\t\t\t<div class=\"elementor-element elementor-element-f7ba6ee elementor-widget elementor-widget-spacer\" data-id=\"f7ba6ee\" data-element_type=\"widget\" data-widget_type=\"spacer.default\">\n\t\t\t\t<div class=\"elementor-widget-container\">\n\t\t\t\t\t\t\t<div class=\"elementor-spacer\">\n\t\t\t<div class=\"elementor-spacer-inner\"><\/div>\n\t\t<\/div>\n\t\t\t\t\t\t<\/div>\n\t\t\t\t<\/div>\n\t\t\t\t\t<\/div>\n\t\t<\/div>\n\t\t\t\t\t<\/div>\n\t\t<\/section>\n\t\t\t\t<section class=\"elementor-section elementor-top-section elementor-element elementor-element-05ffdd8 elementor-section-boxed elementor-section-height-default elementor-section-height-default\" data-id=\"05ffdd8\" data-element_type=\"section\">\n\t\t\t\t\t\t<div class=\"elementor-container elementor-column-gap-default\">\n\t\t\t\t\t<div class=\"elementor-column elementor-col-66 elementor-top-column elementor-element elementor-element-04f06a6\" data-id=\"04f06a6\" data-element_type=\"column\">\n\t\t\t<div class=\"elementor-widget-wrap elementor-element-populated\">\n\t\t\t\t\t\t<div class=\"elementor-element elementor-element-cf32df9 elementor-widget elementor-widget-heading\" data-id=\"cf32df9\" data-element_type=\"widget\" data-widget_type=\"heading.default\">\n\t\t\t\t<div class=\"elementor-widget-container\">\n\t\t\t\t\t<h1 class=\"elementor-heading-title elementor-size-default\">\u00bfQui\u00e9n paga realmente por mis beneficios bajo la compensaci\u00f3n de trabajadores?<\/h1>\t\t\t\t<\/div>\n\t\t\t\t<\/div>\n\t\t\t\t<div class=\"elementor-element elementor-element-7c1aad6 elementor-align-left elementor-hidden-mobile_extra elementor-hidden-mobile elementor-widget elementor-widget-breadcrumbs\" data-id=\"7c1aad6\" data-element_type=\"widget\" data-widget_type=\"breadcrumbs.default\">\n\t\t\t\t<div class=\"elementor-widget-container\">\n\t\t\t\t\t<p id=\"breadcrumbs\"><span><span><a href=\"https:\/\/fischerprocell.com\/es\/\">Hogar<\/a><\/span><\/span><\/p>\t\t\t\t<\/div>\n\t\t\t\t<\/div>\n\t\t\t\t<div class=\"elementor-element elementor-element-1e17755 elementor-widget elementor-widget-theme-post-featured-image elementor-widget-image\" data-id=\"1e17755\" data-element_type=\"widget\" data-widget_type=\"theme-post-featured-image.default\">\n\t\t\t\t<div class=\"elementor-widget-container\">\n\t\t\t\t\t\t\t\t\t\t\t\t\t\t\t<img fetchpriority=\"high\" decoding=\"async\" width=\"794\" height=\"529\" src=\"https:\/\/fischerprocell.com\/wp-content\/uploads\/2022\/03\/Who-pays-for-workers-compensation.jpg\" class=\"attachment-full size-full wp-image-137\" alt=\"Qui\u00e9n paga la compensaci\u00f3n de los trabajadores\" srcset=\"https:\/\/fischerprocell.com\/wp-content\/uploads\/2022\/03\/Who-pays-for-workers-compensation.jpg 794w, https:\/\/fischerprocell.com\/wp-content\/uploads\/2022\/03\/Who-pays-for-workers-compensation-768x512.jpg 768w\" sizes=\"(max-width: 794px) 100vw, 794px\" \/>\t\t\t\t\t\t\t\t\t\t\t\t\t\t\t<\/div>\n\t\t\t\t<\/div>\n\t\t\t\t<div class=\"elementor-element elementor-element-89cde9d elementor-widget elementor-widget-text-editor\" data-id=\"89cde9d\" data-element_type=\"widget\" data-widget_type=\"text-editor.default\">\n\t\t\t\t<div class=\"elementor-widget-container\">\n\t\t\t\t\t\t\t\t\t<p>Si sufri\u00f3 una lesi\u00f3n relacionada con el trabajo, puede ser elegible para compensaci\u00f3n laboral. Bajo el sistema de compensaci\u00f3n de trabajadores, se pagar\u00e1n los gastos m\u00e9dicos razonables; se puede proporcionar asistencia para encontrar un nuevo trabajo si las lesiones le impiden hacer su antiguo trabajo; y se puede pagar una compensaci\u00f3n monetaria mientras no pueda trabajar.<\/p>\n<p>Pero, \u00bfqui\u00e9n, exactamente, paga sus beneficios al recibir&nbsp;<a href=\"https:\/\/fischerprocell.com\/es\/compensacion-de-trabajadores-2\/\">Compensaci\u00f3n de trabajadores<\/a>?<\/p>\n<p>En Luisiana, la mayor\u00eda de los empleadores compran p\u00f3lizas de seguro de compensaci\u00f3n para trabajadores a trav\u00e9s de una compa\u00f1\u00eda de seguros privada. Esta compa\u00f1\u00eda de seguros pagar\u00eda sus beneficios de compensaci\u00f3n laboral.<\/p>\n<p>Algunos empleadores pueden estar &quot;autoasegurados&quot; si cumplen con ciertos requisitos. Esto significa que sus beneficios de compensaci\u00f3n laboral y sus beneficios m\u00e9dicos ser\u00e1n pagados directamente por el empleador. Los empleadores autoasegurados normalmente contratar\u00e1n a un administrador externo para ayudarlos a administrar el reclamo y pagar los beneficios.<\/p>\n<h2>\u00bfCu\u00e1nto recibir\u00e9 de la compensaci\u00f3n de trabajadores?<\/h2>\n<p>El monto de compensaci\u00f3n laboral al que puede tener derecho a recibir es dos tercios de su &quot;salario semanal promedio&quot; o &quot;AWW&quot;. Esto se determina, en la mayor\u00eda de los casos, obteniendo un promedio de las \u00faltimas cuatro semanas completas de salario antes del accidente. Sin embargo, esto est\u00e1 sujeto a un l\u00edmite; ese l\u00edmite es actualmente $653.00 en Luisiana.<\/p>\n<p>No importa en qui\u00e9n conf\u00ede su empleador para procesar los beneficios de compensaci\u00f3n para trabajadores, todas las empresas deben tener cobertura de seguro de compensaci\u00f3n para trabajadores para sus empleados. Si el empleador no ten\u00eda seguro de compensaci\u00f3n para trabajadores y no estaba autoasegurado, entonces la ley permite un aumento en los beneficios de compensaci\u00f3n para trabajadores para penalizar al empleador por no tener cobertura.<\/p>\n<p>Si se lesion\u00f3 en el trabajo, incluso si no estaba en el lugar de trabajo, es posible que desee consultar a nuestros abogados con experiencia en compensaci\u00f3n laboral de Fischer &amp; Procell. Hemos combinado d\u00e9cadas de experiencia en el manejo de casos para nuestros clientes en el norte de Luisiana y sabemos c\u00f3mo navegar en un entorno con el que quiz\u00e1s no est\u00e9 familiarizado o con el que no pueda lidiar en este momento dif\u00edcil. <a href=\"https:\/\/fischerprocell.com\/es\/contacto\/\">Comun\u00edquese con nosotros hoy<\/a>&nbsp;para una consulta gratuita sobre su caso importante.<\/p>\t\t\t\t\t\t\t\t<\/div>\n\t\t\t\t<\/div>\n\t\t\t\t<div class=\"elementor-element elementor-element-97d1640 elementor-post-navigation-borders-yes elementor-widget elementor-widget-post-navigation\" data-id=\"97d1640\" data-element_type=\"widget\" data-widget_type=\"post-navigation.default\">\n\t\t\t\t<div class=\"elementor-widget-container\">\n\t\t\t\t\t\t\t<div class=\"elementor-post-navigation\" role=\"navigation\" aria-label=\"Navegaci\u00f3n de entradas\">\n\t\t\t<div class=\"elementor-post-navigation__prev elementor-post-navigation__link\">\n\t\t\t\t<a href=\"https:\/\/fischerprocell.com\/es\/puedo-presentar-una-reclamacion-por-lesiones-personales-mientras-cobro-una-compensacion-laboral\/\" rel=\"prev\"><span class=\"post-navigation__arrow-wrapper post-navigation__arrow-prev\"><i aria-hidden=\"true\" class=\"fas fa-arrow-circle-left\"><\/i><span class=\"elementor-screen-only\">Anterior<\/span><\/span><span class=\"elementor-post-navigation__link__prev\"><span class=\"post-navigation__prev--label\">Anterior<\/span><span class=\"post-navigation__prev--title\">\u00bfPuedo presentar un reclamo por lesiones personales mientras cobro la compensaci\u00f3n para trabajadores?<\/span><\/span><\/a>\t\t\t<\/div>\n\t\t\t\t\t\t\t<div class=\"elementor-post-navigation__separator-wrapper\">\n\t\t\t\t\t<div class=\"elementor-post-navigation__separator\"><\/div>\n\t\t\t\t<\/div>\n\t\t\t\t\t\t<div class=\"elementor-post-navigation__next elementor-post-navigation__link\">\n\t\t\t\t<a href=\"https:\/\/fischerprocell.com\/es\/que-pasa-si-la-lesion-relacionada-con-el-trabajo-fue-mi-culpa\/\" rel=\"next\"><span class=\"elementor-post-navigation__link__next\"><span class=\"post-navigation__next--label\">Pr\u00f3ximo<\/span><span class=\"post-navigation__next--title\">\u00bfQu\u00e9 pasa si la lesi\u00f3n relacionada con el trabajo fue mi culpa?<\/span><\/span><span class=\"post-navigation__arrow-wrapper post-navigation__arrow-next\"><i aria-hidden=\"true\" class=\"fas fa-arrow-circle-right\"><\/i><span class=\"elementor-screen-only\">Pr\u00f3ximo<\/span><\/span><\/a>\t\t\t<\/div>\n\t\t<\/div>\n\t\t\t\t\t\t<\/div>\n\t\t\t\t<\/div>\n\t\t\t\t\t<\/div>\n\t\t<\/div>\n\t\t\t\t<div class=\"elementor-column elementor-col-33 elementor-top-column elementor-element elementor-element-74a3e2d\" data-id=\"74a3e2d\" data-element_type=\"column\">\n\t\t\t<div class=\"elementor-widget-wrap elementor-element-populated\">\n\t\t\t\t\t\t<div class=\"elementor-element elementor-element-e432440 elementor-search-form--skin-classic elementor-search-form--button-type-icon elementor-search-form--icon-search elementor-widget elementor-widget-search-form\" data-id=\"e432440\" data-element_type=\"widget\" data-settings=\"{&quot;skin&quot;:&quot;classic&quot;}\" data-widget_type=\"search-form.default\">\n\t\t\t\t<div class=\"elementor-widget-container\">\n\t\t\t\t\t\t\t<search role=\"search\">\n\t\t\t<form class=\"elementor-search-form\" action=\"https:\/\/fischerprocell.com\/es\/\" method=\"get\" data-trp-original-action=\"https:\/\/fischerprocell.com\/es\/\">\n\t\t\t\t\t\t\t\t\t\t\t\t<div class=\"elementor-search-form__container\">\n\t\t\t\t\t<label class=\"elementor-screen-only\" for=\"elementor-search-form-e432440\">Buscar<\/label>\n\n\t\t\t\t\t\n\t\t\t\t\t<input id=\"elementor-search-form-e432440\" placeholder=\"Buscar...\" class=\"elementor-search-form__input\" type=\"search\" name=\"s\" value=\"\">\n\t\t\t\t\t\n\t\t\t\t\t\t\t\t\t\t\t<button class=\"elementor-search-form__submit\" type=\"submit\" aria-label=\"Buscar\">\n\t\t\t\t\t\t\t\t\t\t\t\t\t\t\t<i aria-hidden=\"true\" class=\"fas fa-search\"><\/i>\t\t\t\t\t\t\t\t\t\t\t\t\t<\/button>\n\t\t\t\t\t\n\t\t\t\t\t\t\t\t\t<\/div>\n\t\t\t<input type=\"hidden\" name=\"trp-form-language\" value=\"es\"\/><\/form>\n\t\t<\/search>\n\t\t\t\t\t\t<\/div>\n\t\t\t\t<\/div>\n\t\t\t\t<div class=\"elementor-element elementor-element-6e841ff elementor-widget elementor-widget-heading\" data-id=\"6e841ff\" data-element_type=\"widget\" data-widget_type=\"heading.default\">\n\t\t\t\t<div class=\"elementor-widget-container\">\n\t\t\t\t\t<span class=\"elementor-heading-title elementor-size-default\">MENSAJES RECIENTES<\/span>\t\t\t\t<\/div>\n\t\t\t\t<\/div>\n\t\t\t\t<div class=\"elementor-element elementor-element-7827b3e elementor-grid-1 elementor-grid-mobile_extra-1 elementor-grid-tablet-2 elementor-grid-mobile-1 elementor-posts--thumbnail-top elementor-widget elementor-widget-posts\" data-id=\"7827b3e\" data-element_type=\"widget\" data-settings=\"{&quot;classic_columns&quot;:&quot;1&quot;,&quot;classic_columns_mobile_extra&quot;:&quot;1&quot;,&quot;classic_columns_tablet&quot;:&quot;2&quot;,&quot;classic_columns_mobile&quot;:&quot;1&quot;,&quot;classic_row_gap&quot;:{&quot;unit&quot;:&quot;px&quot;,&quot;size&quot;:35,&quot;sizes&quot;:[]},&quot;classic_row_gap_laptop&quot;:{&quot;unit&quot;:&quot;px&quot;,&quot;size&quot;:&quot;&quot;,&quot;sizes&quot;:[]},&quot;classic_row_gap_tablet&quot;:{&quot;unit&quot;:&quot;px&quot;,&quot;size&quot;:&quot;&quot;,&quot;sizes&quot;:[]},&quot;classic_row_gap_mobile_extra&quot;:{&quot;unit&quot;:&quot;px&quot;,&quot;size&quot;:&quot;&quot;,&quot;sizes&quot;:[]},&quot;classic_row_gap_mobile&quot;:{&quot;unit&quot;:&quot;px&quot;,&quot;size&quot;:&quot;&quot;,&quot;sizes&quot;:[]}}\" data-widget_type=\"posts.classic\">\n\t\t\t\t<div class=\"elementor-widget-container\">\n\t\t\t\t\t\t\t<div class=\"elementor-posts-container elementor-posts elementor-posts--skin-classic elementor-grid\" role=\"list\">\n\t\t\t\t<article class=\"elementor-post elementor-grid-item post-121 post type-post status-publish format-standard has-post-thumbnail hentry category-workers-comp\" role=\"listitem\">\n\t\t\t\t<a class=\"elementor-post__thumbnail__link\" href=\"https:\/\/fischerprocell.com\/es\/se-puede-reabrir-mi-caso-de-compensacion-laboral\/\" tabindex=\"-1\" >\n\t\t\t<div class=\"elementor-post__thumbnail\"><img decoding=\"async\" width=\"794\" height=\"528\" src=\"https:\/\/fischerprocell.com\/wp-content\/uploads\/2022\/03\/reopen-closed-claims.jpeg\" class=\"attachment-medium size-medium wp-image-122\" alt=\"reabrir el reclamo de compensaci\u00f3n laboral\" srcset=\"https:\/\/fischerprocell.com\/wp-content\/uploads\/2022\/03\/reopen-closed-claims.jpeg 794w, https:\/\/fischerprocell.com\/wp-content\/uploads\/2022\/03\/reopen-closed-claims-768x511.jpeg 768w\" sizes=\"(max-width: 794px) 100vw, 794px\" \/><\/div>\n\t\t<\/a>\n\t\t\t\t<div class=\"elementor-post__text\">\n\t\t\t\t<h3 class=\"elementor-post__title\">\n\t\t\t<a href=\"https:\/\/fischerprocell.com\/es\/se-puede-reabrir-mi-caso-de-compensacion-laboral\/\" >\n\t\t\t\t\u00bfSe puede reabrir mi caso de compensaci\u00f3n laboral?\t\t\t<\/a>\n\t\t<\/h3>\n\t\t\t\t<\/div>\n\t\t\t\t<\/article>\n\t\t\t\t<article class=\"elementor-post elementor-grid-item post-126 post type-post status-publish format-standard has-post-thumbnail hentry category-workers-comp\" role=\"listitem\">\n\t\t\t\t<a class=\"elementor-post__thumbnail__link\" href=\"https:\/\/fischerprocell.com\/es\/como-presentar-una-reclamacion-de-compensacion-laboral-en-luisiana\/\" tabindex=\"-1\" >\n\t\t\t<div class=\"elementor-post__thumbnail\"><img decoding=\"async\" width=\"794\" height=\"528\" src=\"https:\/\/fischerprocell.com\/wp-content\/uploads\/2022\/03\/How-to-File-Workers-Compensation.jpeg\" class=\"attachment-medium size-medium wp-image-127\" alt=\"c\u00f3mo presentar una compensaci\u00f3n para trabajadores\" srcset=\"https:\/\/fischerprocell.com\/wp-content\/uploads\/2022\/03\/How-to-File-Workers-Compensation.jpeg 794w, https:\/\/fischerprocell.com\/wp-content\/uploads\/2022\/03\/How-to-File-Workers-Compensation-768x511.jpeg 768w\" sizes=\"(max-width: 794px) 100vw, 794px\" \/><\/div>\n\t\t<\/a>\n\t\t\t\t<div class=\"elementor-post__text\">\n\t\t\t\t<h3 class=\"elementor-post__title\">\n\t\t\t<a href=\"https:\/\/fischerprocell.com\/es\/como-presentar-una-reclamacion-de-compensacion-laboral-en-luisiana\/\" >\n\t\t\t\tC\u00f3mo presentar un reclamo de compensaci\u00f3n para trabajadores en Louisiana\t\t\t<\/a>\n\t\t<\/h3>\n\t\t\t\t<\/div>\n\t\t\t\t<\/article>\n\t\t\t\t<article class=\"elementor-post elementor-grid-item post-128 post type-post status-publish format-standard has-post-thumbnail hentry category-workers-comp\" role=\"listitem\">\n\t\t\t\t<a class=\"elementor-post__thumbnail__link\" href=\"https:\/\/fischerprocell.com\/es\/que-lesiones-estan-cubiertas-por-la-ley-de-compensacion-laboral\/\" tabindex=\"-1\" >\n\t\t\t<div class=\"elementor-post__thumbnail\"><img loading=\"lazy\" decoding=\"async\" width=\"794\" height=\"529\" src=\"https:\/\/fischerprocell.com\/wp-content\/uploads\/2022\/03\/What-Injuries-Are-Covered-By-The-Workers-Compensation-Law.jpg\" class=\"attachment-medium size-medium wp-image-130\" alt=\"\u00bfQu\u00e9 lesiones est\u00e1n cubiertas por la Ley de Compensaci\u00f3n para Trabajadores?\" srcset=\"https:\/\/fischerprocell.com\/wp-content\/uploads\/2022\/03\/What-Injuries-Are-Covered-By-The-Workers-Compensation-Law.jpg 794w, https:\/\/fischerprocell.com\/wp-content\/uploads\/2022\/03\/What-Injuries-Are-Covered-By-The-Workers-Compensation-Law-768x512.jpg 768w\" sizes=\"(max-width: 794px) 100vw, 794px\" \/><\/div>\n\t\t<\/a>\n\t\t\t\t<div class=\"elementor-post__text\">\n\t\t\t\t<h3 class=\"elementor-post__title\">\n\t\t\t<a href=\"https:\/\/fischerprocell.com\/es\/que-lesiones-estan-cubiertas-por-la-ley-de-compensacion-laboral\/\" >\n\t\t\t\t\u00bfQu\u00e9 lesiones est\u00e1n cubiertas por la Ley de Compensaci\u00f3n para Trabajadores?\t\t\t<\/a>\n\t\t<\/h3>\n\t\t\t\t<\/div>\n\t\t\t\t<\/article>\n\t\t\t\t<article class=\"elementor-post elementor-grid-item post-132 post type-post status-publish format-standard has-post-thumbnail hentry category-workers-comp\" role=\"listitem\">\n\t\t\t\t<a class=\"elementor-post__thumbnail__link\" href=\"https:\/\/fischerprocell.com\/es\/como-se-pagan-los-beneficios-de-indemnizacion\/\" tabindex=\"-1\" >\n\t\t\t<div class=\"elementor-post__thumbnail\"><img loading=\"lazy\" decoding=\"async\" width=\"800\" height=\"500\" src=\"https:\/\/fischerprocell.com\/wp-content\/uploads\/2022\/03\/How-Are-Indemnity-Benefits-Paid-1080x675-1-800x500.jpeg\" class=\"attachment-medium size-medium wp-image-133\" alt=\"\u00bfC\u00f3mo se pagan los beneficios de indemnizaci\u00f3n?\" srcset=\"https:\/\/fischerprocell.com\/wp-content\/uploads\/2022\/03\/How-Are-Indemnity-Benefits-Paid-1080x675-1-800x500.jpeg 800w, https:\/\/fischerprocell.com\/wp-content\/uploads\/2022\/03\/How-Are-Indemnity-Benefits-Paid-1080x675-1-768x480.jpeg 768w, https:\/\/fischerprocell.com\/wp-content\/uploads\/2022\/03\/How-Are-Indemnity-Benefits-Paid-1080x675-1.jpeg 1080w\" sizes=\"(max-width: 800px) 100vw, 800px\" \/><\/div>\n\t\t<\/a>\n\t\t\t\t<div class=\"elementor-post__text\">\n\t\t\t\t<h3 class=\"elementor-post__title\">\n\t\t\t<a href=\"https:\/\/fischerprocell.com\/es\/como-se-pagan-los-beneficios-de-indemnizacion\/\" >\n\t\t\t\t\u00bfC\u00f3mo se pagan los beneficios de indemnizaci\u00f3n?\t\t\t<\/a>\n\t\t<\/h3>\n\t\t\t\t<\/div>\n\t\t\t\t<\/article>\n\t\t\t\t<\/div>\n\t\t\n\t\t\t\t\t\t<\/div>\n\t\t\t\t<\/div>\n\t\t\t\t<div class=\"elementor-element elementor-element-5943189 elementor-widget elementor-widget-wp-widget-archives\" data-id=\"5943189\" data-element_type=\"widget\" data-widget_type=\"wp-widget-archives.default\">\n\t\t\t\t<div class=\"elementor-widget-container\">\n\t\t\t\t\t<h5>Archivos<\/h5><nav aria-label=\"Archivos\">\n\t\t\t<ul>\n\t\t\t\t\t<li><a href='https:\/\/fischerprocell.com\/es\/2019\/03\/'>marzo 2019<\/a><\/li>\n\t<li><a href='https:\/\/fischerprocell.com\/es\/2018\/10\/'>octubre 2018<\/a><\/li>\n\t<li><a href='https:\/\/fischerprocell.com\/es\/2018\/09\/'>septiembre 2018<\/a><\/li>\n\t<li><a href='https:\/\/fischerprocell.com\/es\/2018\/08\/'>agosto 2018<\/a><\/li>\n\t<li><a href='https:\/\/fischerprocell.com\/es\/2018\/05\/'>Mayo 2018<\/a><\/li>\n\t<li><a href='https:\/\/fischerprocell.com\/es\/2018\/02\/'>febrero 2018<\/a><\/li>\n\t<li><a href='https:\/\/fischerprocell.com\/es\/2018\/01\/'>enero 2018<\/a><\/li>\n\t<li><a href='https:\/\/fischerprocell.com\/es\/2017\/11\/'>noviembre 2017<\/a><\/li>\n\t<li><a href='https:\/\/fischerprocell.com\/es\/2017\/10\/'>octubre 2017<\/a><\/li>\n\t<li><a href='https:\/\/fischerprocell.com\/es\/2017\/08\/'>agosto 2017<\/a><\/li>\n\t\t\t<\/ul>\n\n\t\t\t<\/nav>\t\t\t\t<\/div>\n\t\t\t\t<\/div>\n\t\t\t\t<div class=\"elementor-element elementor-element-d514bde elementor-widget elementor-widget-wp-widget-categories\" data-id=\"d514bde\" data-element_type=\"widget\" data-widget_type=\"wp-widget-categories.default\">\n\t\t\t\t<div class=\"elementor-widget-container\">\n\t\t\t\t\t<h5>Categor\u00edas<\/h5><nav aria-label=\"Categor\u00edas\">\n\t\t\t<ul>\n\t\t\t\t\t<li class=\"cat-item cat-item-8\"><a href=\"https:\/\/fischerprocell.com\/es\/categoria\/lesion-personal\/\">Lesiones Personales<\/a>\n<\/li>\n\t<li class=\"cat-item cat-item-7\"><a href=\"https:\/\/fischerprocell.com\/es\/categoria\/compensacion-de-trabajadores\/\">Compensaci\u00f3n de trabajadores<\/a>\n<\/li>\n\t\t\t<\/ul>\n\n\t\t\t<\/nav>\t\t\t\t<\/div>\n\t\t\t\t<\/div>\n\t\t\t\t\t<\/div>\n\t\t<\/div>\n\t\t\t\t\t<\/div>\n\t\t<\/section>\n\t\t\t\t<\/div>","protected":false},"excerpt":{"rendered":"<p>\u00bfQui\u00e9n paga realmente por mis beneficios bajo la compensaci\u00f3n de trabajadores? Si sufri\u00f3 una lesi\u00f3n relacionada con el trabajo, puede ser elegible para compensaci\u00f3n laboral. Bajo los trabajadores<\/p>","protected":false},"author":2,"featured_media":137,"comment_status":"closed","ping_status":"open","sticky":false,"template":"","format":"standard","meta":{"footnotes":""},"categories":[7],"tags":[],"class_list":["post-136","post","type-post","status-publish","format-standard","has-post-thumbnail","hentry","category-workers-comp"],"yoast_head":"<!-- This site is optimized with the Yoast SEO plugin v25.6 - https:\/\/yoast.com\/wordpress\/plugins\/seo\/ -->\n<title>Who Actually Pays For My Benefits Under Workers\u2019 Compensation?<\/title>\n<meta name=\"description\" content=\"If you suffered a work-related injury you may be eligible for workers&#039; compensation. Under the workers&#039; compensation system, reasonable medical expenses will be paid for; assistance in finding a new job may be provided if injuries prevent you from doing your old job; and, monetary compensation may be paid while you are unable to work.\" \/>\n<meta name=\"robots\" content=\"index, follow, max-snippet:-1, max-image-preview:large, max-video-preview:-1\" \/>\n<link rel=\"canonical\" href=\"https:\/\/fischerprocell.com\/es\/quien-paga-realmente-mis-beneficios-bajo-la-compensacion-laboral\/\" \/>\n<meta property=\"og:locale\" content=\"es_MX\" \/>\n<meta property=\"og:type\" content=\"article\" \/>\n<meta property=\"og:title\" content=\"Who Actually Pays For My Benefits Under Workers\u2019 Compensation?\" \/>\n<meta property=\"og:description\" content=\"If you suffered a work-related injury you may be eligible for workers&#039; compensation. Under the workers&#039; compensation system, reasonable medical expenses will be paid for; assistance in finding a new job may be provided if injuries prevent you from doing your old job; and, monetary compensation may be paid while you are unable to work.\" \/>\n<meta property=\"og:url\" content=\"https:\/\/fischerprocell.com\/es\/quien-paga-realmente-mis-beneficios-bajo-la-compensacion-laboral\/\" \/>\n<meta property=\"og:site_name\" content=\"Fischer &amp; Procell Law Workers Comp Shreveport Lawyer\" \/>\n<meta property=\"article:published_time\" content=\"2018-05-03T17:07:00+00:00\" \/>\n<meta property=\"article:modified_time\" content=\"2024-02-27T17:33:16+00:00\" \/>\n<meta property=\"og:image\" content=\"https:\/\/fischerprocell.com\/wp-content\/uploads\/2022\/03\/Who-pays-for-workers-compensation.jpg\" \/>\n\t<meta property=\"og:image:width\" content=\"794\" \/>\n\t<meta property=\"og:image:height\" content=\"529\" \/>\n\t<meta property=\"og:image:type\" content=\"image\/jpeg\" \/>\n<meta name=\"author\" content=\"Kyle Broughton\" \/>\n<meta name=\"twitter:card\" content=\"summary_large_image\" \/>\n<meta name=\"twitter:label1\" content=\"Escrito por\" \/>\n\t<meta name=\"twitter:data1\" content=\"Kyle Broughton\" \/>\n\t<meta name=\"twitter:label2\" content=\"Tiempo de lectura\" \/>\n\t<meta name=\"twitter:data2\" content=\"3 minutos\" \/>\n<script type=\"application\/ld+json\" class=\"yoast-schema-graph\">{\"@context\":\"https:\/\/schema.org\",\"@graph\":[{\"@type\":\"Article\",\"@id\":\"https:\/\/fischerprocell.com\/who-actually-pays-for-my-benefits-under-workers-compensation\/#article\",\"isPartOf\":{\"@id\":\"https:\/\/fischerprocell.com\/who-actually-pays-for-my-benefits-under-workers-compensation\/\"},\"author\":{\"name\":\"Kyle Broughton\",\"@id\":\"https:\/\/fischerprocell.com\/#\/schema\/person\/2ccdbe139759e97e140bc8641b984b1e\"},\"headline\":\"Who Actually Pays For My Benefits Under Workers\u2019 Compensation?\",\"datePublished\":\"2018-05-03T17:07:00+00:00\",\"dateModified\":\"2024-02-27T17:33:16+00:00\",\"mainEntityOfPage\":{\"@id\":\"https:\/\/fischerprocell.com\/who-actually-pays-for-my-benefits-under-workers-compensation\/\"},\"wordCount\":371,\"publisher\":{\"@id\":\"https:\/\/fischerprocell.com\/#organization\"},\"image\":{\"@id\":\"https:\/\/fischerprocell.com\/who-actually-pays-for-my-benefits-under-workers-compensation\/#primaryimage\"},\"thumbnailUrl\":\"https:\/\/fischerprocell.com\/wp-content\/uploads\/2022\/03\/Who-pays-for-workers-compensation.jpg\",\"articleSection\":[\"Workers Comp\"],\"inLanguage\":\"es-MX\"},{\"@type\":\"WebPage\",\"@id\":\"https:\/\/fischerprocell.com\/who-actually-pays-for-my-benefits-under-workers-compensation\/\",\"url\":\"https:\/\/fischerprocell.com\/who-actually-pays-for-my-benefits-under-workers-compensation\/\",\"name\":\"Who Actually Pays For My Benefits Under Workers\u2019 Compensation?\",\"isPartOf\":{\"@id\":\"https:\/\/fischerprocell.com\/#website\"},\"primaryImageOfPage\":{\"@id\":\"https:\/\/fischerprocell.com\/who-actually-pays-for-my-benefits-under-workers-compensation\/#primaryimage\"},\"image\":{\"@id\":\"https:\/\/fischerprocell.com\/who-actually-pays-for-my-benefits-under-workers-compensation\/#primaryimage\"},\"thumbnailUrl\":\"https:\/\/fischerprocell.com\/wp-content\/uploads\/2022\/03\/Who-pays-for-workers-compensation.jpg\",\"datePublished\":\"2018-05-03T17:07:00+00:00\",\"dateModified\":\"2024-02-27T17:33:16+00:00\",\"description\":\"If you suffered a work-related injury you may be eligible for workers' compensation. Under the workers' compensation system, reasonable medical expenses will be paid for; assistance in finding a new job may be provided if injuries prevent you from doing your old job; and, monetary compensation may be paid while you are unable to work.\",\"breadcrumb\":{\"@id\":\"https:\/\/fischerprocell.com\/who-actually-pays-for-my-benefits-under-workers-compensation\/#breadcrumb\"},\"inLanguage\":\"es-MX\",\"potentialAction\":[{\"@type\":\"ReadAction\",\"target\":[\"https:\/\/fischerprocell.com\/who-actually-pays-for-my-benefits-under-workers-compensation\/\"]}]},{\"@type\":\"ImageObject\",\"inLanguage\":\"es-MX\",\"@id\":\"https:\/\/fischerprocell.com\/who-actually-pays-for-my-benefits-under-workers-compensation\/#primaryimage\",\"url\":\"https:\/\/fischerprocell.com\/wp-content\/uploads\/2022\/03\/Who-pays-for-workers-compensation.jpg\",\"contentUrl\":\"https:\/\/fischerprocell.com\/wp-content\/uploads\/2022\/03\/Who-pays-for-workers-compensation.jpg\",\"width\":794,\"height\":529,\"caption\":\"Who pays for workers compensation\"},{\"@type\":\"BreadcrumbList\",\"@id\":\"https:\/\/fischerprocell.com\/who-actually-pays-for-my-benefits-under-workers-compensation\/#breadcrumb\",\"itemListElement\":[{\"@type\":\"ListItem\",\"position\":1,\"name\":\"Home\",\"item\":\"https:\/\/fischerprocell.com\/\"},{\"@type\":\"ListItem\",\"position\":2,\"name\":\"Who Actually Pays For My Benefits Under Workers\u2019 Compensation?\"}]},{\"@type\":\"WebSite\",\"@id\":\"https:\/\/fischerprocell.com\/#website\",\"url\":\"https:\/\/fischerprocell.com\/\",\"name\":\"Fischer &amp; Procell Law Workers Comp Shreveport Lawyer\",\"description\":\"Shreveport Workers Compensation Lawyers\",\"publisher\":{\"@id\":\"https:\/\/fischerprocell.com\/#organization\"},\"potentialAction\":[{\"@type\":\"SearchAction\",\"target\":{\"@type\":\"EntryPoint\",\"urlTemplate\":\"https:\/\/fischerprocell.com\/?s={search_term_string}\"},\"query-input\":{\"@type\":\"PropertyValueSpecification\",\"valueRequired\":true,\"valueName\":\"search_term_string\"}}],\"inLanguage\":\"es-MX\"},{\"@type\":\"Organization\",\"@id\":\"https:\/\/fischerprocell.com\/#organization\",\"name\":\"Fischer Law\",\"url\":\"https:\/\/fischerprocell.com\/\",\"logo\":{\"@type\":\"ImageObject\",\"inLanguage\":\"es-MX\",\"@id\":\"https:\/\/fischerprocell.com\/#\/schema\/logo\/image\/\",\"url\":\"https:\/\/fischerprocell.com\/wp-content\/uploads\/2022\/04\/Fischer-Law-logo-color.gif\",\"contentUrl\":\"https:\/\/fischerprocell.com\/wp-content\/uploads\/2022\/04\/Fischer-Law-logo-color.gif\",\"width\":457,\"height\":229,\"caption\":\"Fischer Law\"},\"image\":{\"@id\":\"https:\/\/fischerprocell.com\/#\/schema\/logo\/image\/\"}},{\"@type\":\"Person\",\"@id\":\"https:\/\/fischerprocell.com\/#\/schema\/person\/2ccdbe139759e97e140bc8641b984b1e\",\"name\":\"Kyle Broughton\",\"image\":{\"@type\":\"ImageObject\",\"inLanguage\":\"es-MX\",\"@id\":\"https:\/\/fischerprocell.com\/#\/schema\/person\/image\/\",\"url\":\"https:\/\/secure.gravatar.com\/avatar\/c42cb169efa7c699a9c13d3785f80c697cd9494b31cf6f74958ce636a2c8ee0c?s=96&d=mm&r=g\",\"contentUrl\":\"https:\/\/secure.gravatar.com\/avatar\/c42cb169efa7c699a9c13d3785f80c697cd9494b31cf6f74958ce636a2c8ee0c?s=96&d=mm&r=g\",\"caption\":\"Kyle Broughton\"}}]}<\/script>\n<!-- \/ Yoast SEO plugin. -->","yoast_head_json":{"title":"\u00bfQui\u00e9n paga realmente por mis beneficios bajo la compensaci\u00f3n de trabajadores?","description":"Si sufri\u00f3 una lesi\u00f3n relacionada con el trabajo, puede ser elegible para compensaci\u00f3n laboral. Bajo el sistema de compensaci\u00f3n de trabajadores, se pagar\u00e1n los gastos m\u00e9dicos razonables; se puede proporcionar asistencia para encontrar un nuevo trabajo si las lesiones le impiden hacer su antiguo trabajo; y se puede pagar una compensaci\u00f3n monetaria mientras no pueda trabajar.","robots":{"index":"index","follow":"follow","max-snippet":"max-snippet:-1","max-image-preview":"max-image-preview:large","max-video-preview":"max-video-preview:-1"},"canonical":"https:\/\/fischerprocell.com\/es\/quien-paga-realmente-mis-beneficios-bajo-la-compensacion-laboral\/","og_locale":"es_MX","og_type":"article","og_title":"Who Actually Pays For My Benefits Under Workers\u2019 Compensation?","og_description":"If you suffered a work-related injury you may be eligible for workers' compensation. Under the workers' compensation system, reasonable medical expenses will be paid for; assistance in finding a new job may be provided if injuries prevent you from doing your old job; and, monetary compensation may be paid while you are unable to work.","og_url":"https:\/\/fischerprocell.com\/es\/quien-paga-realmente-mis-beneficios-bajo-la-compensacion-laboral\/","og_site_name":"Fischer &amp; Procell Law Workers Comp Shreveport Lawyer","article_published_time":"2018-05-03T17:07:00+00:00","article_modified_time":"2024-02-27T17:33:16+00:00","og_image":[{"width":794,"height":529,"url":"https:\/\/fischerprocell.com\/wp-content\/uploads\/2022\/03\/Who-pays-for-workers-compensation.jpg","type":"image\/jpeg"}],"author":"Kyle Broughton","twitter_card":"summary_large_image","twitter_misc":{"Escrito por":"Kyle Broughton","Tiempo de lectura":"3 minutos"},"schema":{"@context":"https:\/\/schema.org","@graph":[{"@type":"Article","@id":"https:\/\/fischerprocell.com\/who-actually-pays-for-my-benefits-under-workers-compensation\/#article","isPartOf":{"@id":"https:\/\/fischerprocell.com\/who-actually-pays-for-my-benefits-under-workers-compensation\/"},"author":{"name":"Kyle Broughton","@id":"https:\/\/fischerprocell.com\/#\/schema\/person\/2ccdbe139759e97e140bc8641b984b1e"},"headline":"Who Actually Pays For My Benefits Under Workers\u2019 Compensation?","datePublished":"2018-05-03T17:07:00+00:00","dateModified":"2024-02-27T17:33:16+00:00","mainEntityOfPage":{"@id":"https:\/\/fischerprocell.com\/who-actually-pays-for-my-benefits-under-workers-compensation\/"},"wordCount":371,"publisher":{"@id":"https:\/\/fischerprocell.com\/#organization"},"image":{"@id":"https:\/\/fischerprocell.com\/who-actually-pays-for-my-benefits-under-workers-compensation\/#primaryimage"},"thumbnailUrl":"https:\/\/fischerprocell.com\/wp-content\/uploads\/2022\/03\/Who-pays-for-workers-compensation.jpg","articleSection":["Workers Comp"],"inLanguage":"es-MX"},{"@type":"WebPage","@id":"https:\/\/fischerprocell.com\/who-actually-pays-for-my-benefits-under-workers-compensation\/","url":"https:\/\/fischerprocell.com\/who-actually-pays-for-my-benefits-under-workers-compensation\/","name":"\u00bfQui\u00e9n paga realmente por mis beneficios bajo la compensaci\u00f3n de trabajadores?","isPartOf":{"@id":"https:\/\/fischerprocell.com\/#website"},"primaryImageOfPage":{"@id":"https:\/\/fischerprocell.com\/who-actually-pays-for-my-benefits-under-workers-compensation\/#primaryimage"},"image":{"@id":"https:\/\/fischerprocell.com\/who-actually-pays-for-my-benefits-under-workers-compensation\/#primaryimage"},"thumbnailUrl":"https:\/\/fischerprocell.com\/wp-content\/uploads\/2022\/03\/Who-pays-for-workers-compensation.jpg","datePublished":"2018-05-03T17:07:00+00:00","dateModified":"2024-02-27T17:33:16+00:00","description":"Si sufri\u00f3 una lesi\u00f3n relacionada con el trabajo, puede ser elegible para compensaci\u00f3n laboral. Bajo el sistema de compensaci\u00f3n de trabajadores, se pagar\u00e1n los gastos m\u00e9dicos razonables; se puede proporcionar asistencia para encontrar un nuevo trabajo si las lesiones le impiden hacer su antiguo trabajo; y se puede pagar una compensaci\u00f3n monetaria mientras no pueda trabajar.","breadcrumb":{"@id":"https:\/\/fischerprocell.com\/who-actually-pays-for-my-benefits-under-workers-compensation\/#breadcrumb"},"inLanguage":"es-MX","potentialAction":[{"@type":"ReadAction","target":["https:\/\/fischerprocell.com\/who-actually-pays-for-my-benefits-under-workers-compensation\/"]}]},{"@type":"ImageObject","inLanguage":"es-MX","@id":"https:\/\/fischerprocell.com\/who-actually-pays-for-my-benefits-under-workers-compensation\/#primaryimage","url":"https:\/\/fischerprocell.com\/wp-content\/uploads\/2022\/03\/Who-pays-for-workers-compensation.jpg","contentUrl":"https:\/\/fischerprocell.com\/wp-content\/uploads\/2022\/03\/Who-pays-for-workers-compensation.jpg","width":794,"height":529,"caption":"Who pays for workers compensation"},{"@type":"BreadcrumbList","@id":"https:\/\/fischerprocell.com\/who-actually-pays-for-my-benefits-under-workers-compensation\/#breadcrumb","itemListElement":[{"@type":"ListItem","position":1,"name":"Home","item":"https:\/\/fischerprocell.com\/"},{"@type":"ListItem","position":2,"name":"Who Actually Pays For My Benefits Under Workers\u2019 Compensation?"}]},{"@type":"WebSite","@id":"https:\/\/fischerprocell.com\/#website","url":"https:\/\/fischerprocell.com\/","name":"Fischer &amp; Procell Law Abogado de compensaci\u00f3n laboral en Shreveport","description":"Abogados de Compensaci\u00f3n de Trabajadores de Shreveport","publisher":{"@id":"https:\/\/fischerprocell.com\/#organization"},"potentialAction":[{"@type":"SearchAction","target":{"@type":"EntryPoint","urlTemplate":"https:\/\/fischerprocell.com\/?s={search_term_string}"},"query-input":{"@type":"PropertyValueSpecification","valueRequired":true,"valueName":"search_term_string"}}],"inLanguage":"es-MX"},{"@type":"Organization","@id":"https:\/\/fischerprocell.com\/#organization","name":"Ley de Fisher","url":"https:\/\/fischerprocell.com\/","logo":{"@type":"ImageObject","inLanguage":"es-MX","@id":"https:\/\/fischerprocell.com\/#\/schema\/logo\/image\/","url":"https:\/\/fischerprocell.com\/wp-content\/uploads\/2022\/04\/Fischer-Law-logo-color.gif","contentUrl":"https:\/\/fischerprocell.com\/wp-content\/uploads\/2022\/04\/Fischer-Law-logo-color.gif","width":457,"height":229,"caption":"Fischer Law"},"image":{"@id":"https:\/\/fischerprocell.com\/#\/schema\/logo\/image\/"}},{"@type":"Person","@id":"https:\/\/fischerprocell.com\/#\/schema\/person\/2ccdbe139759e97e140bc8641b984b1e","name":"Kyle Broughton","image":{"@type":"ImageObject","inLanguage":"es-MX","@id":"https:\/\/fischerprocell.com\/#\/schema\/person\/image\/","url":"https:\/\/secure.gravatar.com\/avatar\/c42cb169efa7c699a9c13d3785f80c697cd9494b31cf6f74958ce636a2c8ee0c?s=96&d=mm&r=g","contentUrl":"https:\/\/secure.gravatar.com\/avatar\/c42cb169efa7c699a9c13d3785f80c697cd9494b31cf6f74958ce636a2c8ee0c?s=96&d=mm&r=g","caption":"Kyle Broughton"}}]}},"_links":{"self":[{"href":"https:\/\/fischerprocell.com\/es\/wp-json\/wp\/v2\/posts\/136","targetHints":{"allow":["GET"]}}],"collection":[{"href":"https:\/\/fischerprocell.com\/es\/wp-json\/wp\/v2\/posts"}],"about":[{"href":"https:\/\/fischerprocell.com\/es\/wp-json\/wp\/v2\/types\/post"}],"author":[{"embeddable":true,"href":"https:\/\/fischerprocell.com\/es\/wp-json\/wp\/v2\/users\/2"}],"replies":[{"embeddable":true,"href":"https:\/\/fischerprocell.com\/es\/wp-json\/wp\/v2\/comments?post=136"}],"version-history":[{"count":0,"href":"https:\/\/fischerprocell.com\/es\/wp-json\/wp\/v2\/posts\/136\/revisions"}],"wp:featuredmedia":[{"embeddable":true,"href":"https:\/\/fischerprocell.com\/es\/wp-json\/wp\/v2\/media\/137"}],"wp:attachment":[{"href":"https:\/\/fischerprocell.com\/es\/wp-json\/wp\/v2\/media?parent=136"}],"wp:term":[{"taxonomy":"category","embeddable":true,"href":"https:\/\/fischerprocell.com\/es\/wp-json\/wp\/v2\/categories?post=136"},{"taxonomy":"post_tag","embeddable":true,"href":"https:\/\/fischerprocell.com\/es\/wp-json\/wp\/v2\/tags?post=136"}],"curies":[{"name":"gracias","href":"https:\/\/api.w.org\/{rel}","templated":true}]}}